{"id":103010,"date":"2023-06-13T13:24:51","date_gmt":"2023-06-13T16:24:51","guid":{"rendered":"https:\/\/www.actualidadadiario.com\/?p=103010"},"modified":"2023-06-13T13:24:51","modified_gmt":"2023-06-13T16:24:51","slug":"el-frente-entrerriano-federal-manifesto-su-respaldo-a-bahl-y-formara-parte-de-la-alianza-que-lidera-el-pj","status":"publish","type":"post","link":"https:\/\/www.actualidadadiario.com\/index.php\/2023\/06\/13\/el-frente-entrerriano-federal-manifesto-su-respaldo-a-bahl-y-formara-parte-de-la-alianza-que-lidera-el-pj\/","title":{"rendered":"El Frente Entrerriano Federal manifest\u00f3 su respaldo a Bahl y formar\u00e1 parte de la alianza que lidera el PJ"},"content":{"rendered":"<p style=\"text-align: center;\"><em><strong>Autoridades y dirigentes del Frente Entrerriano Federal mantuvieron un encuentro de trabajo con el candidato a gobernador, Ad\u00e1n Bahl. En el mismo, confirmaron que el partido pol\u00edtico de distrito que liderara el ex gobernador Jorge Busti, suscribir\u00e1 la alianza electoral que encabezar\u00e1 el Partido Justicialista<\/strong><\/em><\/p>\n<p>&nbsp;<\/p>\n<p>&nbsp;<\/p>\n<p>En la reuni\u00f3n, estuvieron presentes la ex diputada nacional Cristina Cremer, el ex senador provincial Victorio Firpo y las autoridades partidarias Nicol\u00e1s Parera Deniz, Claudio Ava Aispuru, Florencia Busti, Juan Francisco Coniglio y Daniel Cedro. Tambi\u00e9n participaron el secretario general del PJ, Jos\u00e9 C\u00e1ceres y el concejal de Paran\u00e1, Sergio Elizar, entre otros dirigentes del FEF con amplia representaci\u00f3n de distintos departamentos entrerrianos.<\/p>\n<p>El objetivo del encuentro fue \u201cexpresar nuestro firme respaldo partidario a la candidatura de Ad\u00e1n Bahl como una continuidad virtuosa y positiva de lo que ha sido la gesti\u00f3n de gobierno que encabeza Gustavo Bordet\u201d, expres\u00f3 Cristina Cremer, quien agreg\u00f3: \u201cBahl es la figura que Entre R\u00edos necesita. Nosotros insistimos en la unidad de acci\u00f3n del peronismo y de m\u00e1s all\u00e1 del peronismo para\u00a0 trabajar, dejando de lado mezquindades y estando a la altura de los tiempos complejos que se viven\u201d.<\/p>\n<p>Destac\u00f3 asimismo la gesti\u00f3n del intendente de la capital provincial: \u00abcomo vecina de la ciudad realmente aprecio un modelo de desarrollo integral de Paran\u00e1 que hace mucho tiempo no se ve\u00eda. En momentos en que la ciudadan\u00eda est\u00e1 muy descre\u00edda, poder mostrar una gesti\u00f3n transformadora,\u00a0 hechos concretos y no meras promesas vac\u00edas, sin dudas es un gran diferencial de cara al proceso electoral que se avecina\u00bb.<\/p>\n<p>El vicepresidente partidario y concejal de la ciudad de Concordia, Daniel Cedro, puso de relieve los logros del gobierno provincial en estos a\u00f1os de gesti\u00f3n, y valor\u00f3 que \u201cen tiempos dif\u00edciles, y en un contexto muchas veces complejo, Bordet pudo demostrar a los entrerrianos que tiene una clara responsabilidad a la hora de gobernar y de administrar las finanzas p\u00fablicas\u201d.<\/p>\n<p>\u201cEn ese sentido, a\u00f1adi\u00f3: \u201cNuestro grupo pol\u00edtico en Concordia est\u00e1 muy entusiasmado y preparado para acompa\u00f1ar a un candidato de lujo y que representa a todos los peronistas\u00a0 como es Bahl\u201d.<\/p>\n<p>Entre los dirigentes departamentales que participaron del encuentro, la referente de Feliciano, Glady \u201cMeca\u201d Dom\u00ednguez, manifest\u00f3: \u201cComo justicialistas estamos trabajando fuertemente en nuestros territorios en pos de garantizar que no venga en Entre R\u00edos un gobierno que considere que haya que echar empleados p\u00fablicos o dejar de lado la atenci\u00f3n de la salud y la educaci\u00f3n\u201d y agreg\u00f3: \u201cSeguimos el legado del doctor Busti, quien en sus \u00faltimos a\u00f1os de militancia, siempre breg\u00f3 por la unidad del peronismo bajo la conducci\u00f3n pol\u00edtica del gobernador Bordet\u201d.<\/p>\n","protected":false},"excerpt":{"rendered":"<p>Autoridades y dirigentes del Frente Entrerriano Federal mantuvieron un encuentro de trabajo con el candidato a gobernador, Ad\u00e1n Bahl. En el mismo, confirmaron que el partido pol\u00edtico de distrito que liderara el ex gobernador Jorge Busti, suscribir\u00e1 la alianza electoral que encabezar\u00e1 el Partido Justicialista &nbsp; &nbsp; En la reuni\u00f3n, estuvieron presentes la ex diputada nacional Cristina Cremer, el ex senador provincial Victorio Firpo y las autoridades partidarias Nicol\u00e1s Parera Deniz, Claudio Ava Aispuru, Florencia Busti, Juan Francisco Coniglio y Daniel Cedro. Tambi\u00e9n participaron el secretario general del PJ, Jos\u00e9&#8230;<\/p>\n","protected":false},"author":3,"featured_media":103011,"comment_status":"closed","ping_status":"closed","sticky":false,"template":"","format":"standard","meta":[],"categories":[9,15],"tags":[],"_links":{"self":[{"href":"https:\/\/www.actualidadadiario.com\/index.php\/wp-json\/wp\/v2\/posts\/103010"}],"collection":[{"href":"https:\/\/www.actualidadadiario.com\/index.php\/wp-json\/wp\/v2\/posts"}],"about":[{"href":"https:\/\/www.actualidadadiario.com\/index.php\/wp-json\/wp\/v2\/types\/post"}],"author":[{"embeddable":true,"href":"https:\/\/www.actualidadadiario.com\/index.php\/wp-json\/wp\/v2\/users\/3"}],"replies":[{"embeddable":true,"href":"https:\/\/www.actualidadadiario.com\/index.php\/wp-json\/wp\/v2\/comments?post=103010"}],"version-history":[{"count":1,"href":"https:\/\/www.actualidadadiario.com\/index.php\/wp-json\/wp\/v2\/posts\/103010\/revisions"}],"predecessor-version":[{"id":103012,"href":"https:\/\/www.actualidadadiario.com\/index.php\/wp-json\/wp\/v2\/posts\/103010\/revisions\/103012"}],"wp:featuredmedia":[{"embeddable":true,"href":"https:\/\/www.actualidadadiario.com\/index.php\/wp-json\/wp\/v2\/media\/103011"}],"wp:attachment":[{"href":"https:\/\/www.actualidadadiario.com\/index.php\/wp-json\/wp\/v2\/media?parent=103010"}],"wp:term":[{"taxonomy":"category","embeddable":true,"href":"https:\/\/www.actualidadadiario.com\/index.php\/wp-json\/wp\/v2\/categories?post=103010"},{"taxonomy":"post_tag","embeddable":true,"href":"https:\/\/www.actualidadadiario.com\/index.php\/wp-json\/wp\/v2\/tags?post=103010"}],"curies":[{"name":"wp","href":"https:\/\/api.w.org\/{rel}","templated":true}]}}