{"id":103008,"date":"2023-06-13T13:24:02","date_gmt":"2023-06-13T16:24:02","guid":{"rendered":"https:\/\/www.actualidadadiario.com\/?p=103008"},"modified":"2023-06-13T13:24:02","modified_gmt":"2023-06-13T16:24:02","slug":"durante-la-semana-de-la-seguridad-vial-se-realizaron-mas-de-7500-controles-de-alcoholemia-en-rutas-entrerrianas","status":"publish","type":"post","link":"https:\/\/www.actualidadadiario.com\/index.php\/2023\/06\/13\/durante-la-semana-de-la-seguridad-vial-se-realizaron-mas-de-7500-controles-de-alcoholemia-en-rutas-entrerrianas\/","title":{"rendered":"Durante la Semana de la Seguridad Vial se realizaron m\u00e1s de 7500 controles de alcoholemia en rutas entrerrianas"},"content":{"rendered":"<p style=\"text-align: center;\"><em><strong>El pasado 10 de junio se conmemor\u00f3 el D\u00eda Nacional de la Seguridad Vial, donde se busca &#8220;promocionar y generar conciencia a la sociedad sobre la importancia que implica ser respetuoso en la v\u00eda p\u00fablica para evitar incidentes viales&#8221;<\/strong><\/em><\/p>\n<p>&nbsp;<\/p>\n<p>&nbsp;<\/p>\n<p>Seg\u00fan fuentes oficiales, se opt\u00f3 por desarrollar el programa preventivo de Alcoholemia Federal durante toda la semana comprendida desde el 05\/06 hasta el 11\/06 inclusive; y como se viene dando, la provincia de Entre R\u00edos acompa\u00f1\u00f3 tal iniciativa.<\/p>\n<p>&nbsp;<\/p>\n<p><strong>Cero alcohol al volante<\/strong><\/p>\n<p>Una vez culminado el periodo estipulado, los datos obtenidos muestran que &#8220;en el pa\u00eds se efectuaron m\u00e1s de 15500 testeos de alcoholemia, donde la provincia de Entre R\u00edos aport\u00f3 m\u00e1s de 7500&#8221;, se especific\u00f3.<\/p>\n<p>Adem\u00e1s, se destac\u00f3 que la cantidad de resultados positivos obtenidos en los controles efectuados en la totalidad de los Puestos Camineros de la Direcci\u00f3n Prevenci\u00f3n y Seguridad Vial de la Polic\u00eda entrerriana &#8220;fueron 38, reflejando un 0, 5% del total&#8221;.<\/p>\n","protected":false},"excerpt":{"rendered":"<p>El pasado 10 de junio se conmemor\u00f3 el D\u00eda Nacional de la Seguridad Vial, donde se busca &#8220;promocionar y generar conciencia a la sociedad sobre la importancia que implica ser respetuoso en la v\u00eda p\u00fablica para evitar incidentes viales&#8221; &nbsp; &nbsp; Seg\u00fan fuentes oficiales, se opt\u00f3 por desarrollar el programa preventivo de Alcoholemia Federal durante toda la semana comprendida desde el 05\/06 hasta el 11\/06 inclusive; y como se viene dando, la provincia de Entre R\u00edos acompa\u00f1\u00f3 tal iniciativa. &nbsp; Cero alcohol al volante Una vez culminado el periodo estipulado,&#8230;<\/p>\n","protected":false},"author":3,"featured_media":91157,"comment_status":"closed","ping_status":"closed","sticky":false,"template":"","format":"standard","meta":[],"categories":[15],"tags":[],"_links":{"self":[{"href":"https:\/\/www.actualidadadiario.com\/index.php\/wp-json\/wp\/v2\/posts\/103008"}],"collection":[{"href":"https:\/\/www.actualidadadiario.com\/index.php\/wp-json\/wp\/v2\/posts"}],"about":[{"href":"https:\/\/www.actualidadadiario.com\/index.php\/wp-json\/wp\/v2\/types\/post"}],"author":[{"embeddable":true,"href":"https:\/\/www.actualidadadiario.com\/index.php\/wp-json\/wp\/v2\/users\/3"}],"replies":[{"embeddable":true,"href":"https:\/\/www.actualidadadiario.com\/index.php\/wp-json\/wp\/v2\/comments?post=103008"}],"version-history":[{"count":1,"href":"https:\/\/www.actualidadadiario.com\/index.php\/wp-json\/wp\/v2\/posts\/103008\/revisions"}],"predecessor-version":[{"id":103009,"href":"https:\/\/www.actualidadadiario.com\/index.php\/wp-json\/wp\/v2\/posts\/103008\/revisions\/103009"}],"wp:featuredmedia":[{"embeddable":true,"href":"https:\/\/www.actualidadadiario.com\/index.php\/wp-json\/wp\/v2\/media\/91157"}],"wp:attachment":[{"href":"https:\/\/www.actualidadadiario.com\/index.php\/wp-json\/wp\/v2\/media?parent=103008"}],"wp:term":[{"taxonomy":"category","embeddable":true,"href":"https:\/\/www.actualidadadiario.com\/index.php\/wp-json\/wp\/v2\/categories?post=103008"},{"taxonomy":"post_tag","embeddable":true,"href":"https:\/\/www.actualidadadiario.com\/index.php\/wp-json\/wp\/v2\/tags?post=103008"}],"curies":[{"name":"wp","href":"https:\/\/api.w.org\/{rel}","templated":true}]}}