{"id":103000,"date":"2023-06-13T13:21:30","date_gmt":"2023-06-13T16:21:30","guid":{"rendered":"https:\/\/www.actualidadadiario.com\/?p=103000"},"modified":"2023-06-13T13:21:30","modified_gmt":"2023-06-13T16:21:30","slug":"fin-de-semana-extra-largo-que-celebracion-se-suma-a-la-del-dia-de-la-bandera-2","status":"publish","type":"post","link":"https:\/\/www.actualidadadiario.com\/index.php\/2023\/06\/13\/fin-de-semana-extra-largo-que-celebracion-se-suma-a-la-del-dia-de-la-bandera-2\/","title":{"rendered":"Fin de semana extra largo: \u00bfqu\u00e9 celebraci\u00f3n se suma a la del D\u00eda de la Bandera?"},"content":{"rendered":"<p style=\"text-align: center;\"><em><strong>El D\u00eda del Padre y el D\u00eda de la Bandera no ser\u00e1n las \u00fanicas ocasiones importantes del pr\u00f3ximo finde XXL ya que, en el medio, hay una fecha muy especial para los argentinos<\/strong><\/em><\/p>\n<p>&nbsp;<\/p>\n<p>&nbsp;<\/p>\n<p>El 20 de junio se conmemora el &#8220;D\u00eda de la Bandera&#8221; y es considerado un feriado inamovible por el Calendario Nacional 2023, y al caer martes hace del pr\u00f3ximo fin de semana uno XXL. \u00bfQu\u00e9 otros feriados se suman a la conmemoraci\u00f3n del fallecimiento de Manuel Belgrano?<\/p>\n<p>&nbsp;<\/p>\n<p><strong>Feriado del 17 de junio<\/strong><\/p>\n<p>Al finde extendido por el D\u00eda de la Bandera se le suma el 17 de junio, cuando se conmemora el paso a la inmortalidad del general Don Mart\u00edn Miguel de G\u00fcemes, una figura fundamental en la historia de la Independencia argentina y, en especial, para el pueblo salte\u00f1o.<\/p>\n<p>Es importante planificar con anticipaci\u00f3n y aprovechar estos fines de semana largos para descansar, relajarse y disfrutar de todo lo que Argentina tiene para ofrecer.<\/p>\n<p>&nbsp;<\/p>\n<p><strong>Pr\u00f3ximos feriados en 2023<\/strong><\/p>\n<ul>\n<li>17 de junio (Paso a la Inmortalidad del General Don Mart\u00edn Miguel de G\u00fcemes)<\/li>\n<li>20 de junio (Paso a la Inmortalidad del General Manuel Belgrano)<\/li>\n<li>9 de julio (D\u00eda de la Independencia)<\/li>\n<li>20 de noviembre (D\u00eda de la Soberan\u00eda Nacional)<\/li>\n<li>8 de diciembre (D\u00eda de la Inmaculada Concepci\u00f3n de Mar\u00eda)<\/li>\n<\/ul>\n<p>25 de diciembre (Navidad).<\/p>\n","protected":false},"excerpt":{"rendered":"<p>El D\u00eda del Padre y el D\u00eda de la Bandera no ser\u00e1n las \u00fanicas ocasiones importantes del pr\u00f3ximo finde XXL ya que, en el medio, hay una fecha muy especial para los argentinos &nbsp; &nbsp; El 20 de junio se conmemora el &#8220;D\u00eda de la Bandera&#8221; y es considerado un feriado inamovible por el Calendario Nacional 2023, y al caer martes hace del pr\u00f3ximo fin de semana uno XXL. \u00bfQu\u00e9 otros feriados se suman a la conmemoraci\u00f3n del fallecimiento de Manuel Belgrano? &nbsp; Feriado del 17 de junio Al finde&#8230;<\/p>\n","protected":false},"author":3,"featured_media":102665,"comment_status":"closed","ping_status":"closed","sticky":false,"template":"","format":"standard","meta":[],"categories":[2],"tags":[],"_links":{"self":[{"href":"https:\/\/www.actualidadadiario.com\/index.php\/wp-json\/wp\/v2\/posts\/103000"}],"collection":[{"href":"https:\/\/www.actualidadadiario.com\/index.php\/wp-json\/wp\/v2\/posts"}],"about":[{"href":"https:\/\/www.actualidadadiario.com\/index.php\/wp-json\/wp\/v2\/types\/post"}],"author":[{"embeddable":true,"href":"https:\/\/www.actualidadadiario.com\/index.php\/wp-json\/wp\/v2\/users\/3"}],"replies":[{"embeddable":true,"href":"https:\/\/www.actualidadadiario.com\/index.php\/wp-json\/wp\/v2\/comments?post=103000"}],"version-history":[{"count":2,"href":"https:\/\/www.actualidadadiario.com\/index.php\/wp-json\/wp\/v2\/posts\/103000\/revisions"}],"predecessor-version":[{"id":103002,"href":"https:\/\/www.actualidadadiario.com\/index.php\/wp-json\/wp\/v2\/posts\/103000\/revisions\/103002"}],"wp:featuredmedia":[{"embeddable":true,"href":"https:\/\/www.actualidadadiario.com\/index.php\/wp-json\/wp\/v2\/media\/102665"}],"wp:attachment":[{"href":"https:\/\/www.actualidadadiario.com\/index.php\/wp-json\/wp\/v2\/media?parent=103000"}],"wp:term":[{"taxonomy":"category","embeddable":true,"href":"https:\/\/www.actualidadadiario.com\/index.php\/wp-json\/wp\/v2\/categories?post=103000"},{"taxonomy":"post_tag","embeddable":true,"href":"https:\/\/www.actualidadadiario.com\/index.php\/wp-json\/wp\/v2\/tags?post=103000"}],"curies":[{"name":"wp","href":"https:\/\/api.w.org\/{rel}","templated":true}]}}