{"id":102983,"date":"2023-06-12T16:08:17","date_gmt":"2023-06-12T19:08:17","guid":{"rendered":"https:\/\/www.actualidadadiario.com\/?p=102983"},"modified":"2023-06-12T16:08:17","modified_gmt":"2023-06-12T19:08:17","slug":"jorge-rivas-volvera-a-hablar-con-su-voz-gracias-a-un-sistema-informatico-de-inteligencia-artificial","status":"publish","type":"post","link":"https:\/\/www.actualidadadiario.com\/index.php\/2023\/06\/12\/jorge-rivas-volvera-a-hablar-con-su-voz-gracias-a-un-sistema-informatico-de-inteligencia-artificial\/","title":{"rendered":"Jorge Rivas volver\u00e1 a hablar con su voz gracias a un sistema inform\u00e1tico de Inteligencia Artificial"},"content":{"rendered":"<p style=\"text-align: center;\"><em><strong>El ex diputado nacional fue v\u00edctima de un violento robo que lo dej\u00f3 cuadripl\u00e9jico y privado del habla hace m\u00e1s de 15 a\u00f1os. Gracias a un sistema inform\u00e1tico de la IA podr\u00e1 &#8220;recuperar el derecho a la voz&#8221;, como \u00e9l mismo lo defini\u00f3. Le incorporar\u00e1n 17 horas de audio suyos en diferentes momentos de su vida que muestran &#8220;las distintas aristas de su voz&#8221;<\/strong><\/em><\/p>\n<p>&nbsp;<\/p>\n<p>&nbsp;<\/p>\n<p>&nbsp;<\/p>\n<p>La Inteligencia Artificial puede generar efectos cr\u00edticos, pero tambi\u00e9n soluciones impensadas hasta hoy. Lo puede atestiguar Jorge Rivas, diputado nacional en cuatro ocasiones y v\u00edctima de un violento robo que lo dej\u00f3 cuadripl\u00e9jico y privado del habla hace m\u00e1s de 15 a\u00f1os. Gracias a un sistema inform\u00e1tico de la IA podr\u00e1 \u00abrecuperar el derecho a la voz\u00bb, como \u00e9l mismo lo defini\u00f3.<\/p>\n<p>Rivas, socialista, integrante del Congreso durante casi dos d\u00e9cadas y tambi\u00e9n vicejefe de Gabinete del gobierno de N\u00e9stor Kirchner, form\u00f3 parte durante la jornada de hoy del lanzamiento oficial de una iniciativa tecnol\u00f3gica p\u00fablica y argentina que busca recuperar su voz mediante Inteligencia Artificial (IA) para que pueda ser reproducida en su computadora cuando la utiliza para hablar.<\/p>\n<p>Para eso utilizar\u00e1 viejos tapes y cintas de archivo, videos familiares, entrevistas radiales y televisivas, y tambi\u00e9n exposiciones en la C\u00e1mara de Diputados.<\/p>\n<p>Se trata de un proyecto en el que vienen trabajando el Ministerio de Ciencia, Tecnolog\u00eda e Innovaci\u00f3n de la Naci\u00f3n, a cargo de Daniel Filmus, y la Universidad Tecnol\u00f3gica Nacional (Facultad Regional La Plata), con el aporte de la Direcci\u00f3n Nacional de Estrategias Inclusivas, Accesibles y Desarrollo Sostenible del Transporte del Ministerio de Transporte de la Naci\u00f3n, entidad que dirige el propio Rivas.<\/p>\n<p>\u201cAfortunadamente, los extraordinarios avances tecnol\u00f3gicos de la \u00e9poca en que vivimos nos permiten recuperar el derecho a la voz a quienes lo hab\u00edamos perdido, por la raz\u00f3n que haya sido\u201d, explic\u00f3 el funcionario sobre esta iniciativa p\u00fablica que \u00abestar\u00e1 en forma gratuita al servicio de quien la necesitase\u00bb.<\/p>\n<p>\u201cEl diccionario de la lengua castellana dice que la voz es el sonido producido por la vibraci\u00f3n de las cuerdas vocales. Pero la voz sirve tambi\u00e9n para denunciar las injusticias. Como nos ense\u00f1\u00f3 Antonio Gramsci, todo militante de izquierda siempre debe tener el o\u00eddo atento al murmullo de las masas, la voz cantante. La voz tambi\u00e9n es un derecho. No tener voz nos deja afuera, dependemos de otros \u2013continu\u00f3 Rivas\u2013. Por eso, los avances tecnol\u00f3gicos de la actualidad nos permiten recuperar ese derecho a quienes lo hab\u00edamos perdido por la raz\u00f3n que fuera. La sociedad es quien, muchas veces, discapacita, incluso desde la mera subestimaci\u00f3n. Este proyecto, desarrollado por la UTN, nos devuelve la identidad de nuestra propia voz y derriba barreras para lograr una inclusi\u00f3n m\u00e1s plena y democr\u00e1tica, de ah\u00ed la importancia de su universalidad\u201d.<\/p>\n<p>&nbsp;<\/p>\n<p><strong>Democratizar<\/strong><\/p>\n<p>El ministro de Ciencia, Daniel Filmus, cont\u00f3 que m\u00e1s temprano le envi\u00f3 el proyecto a Esteban Bullrich, con quien est\u00e1n desarrollando proyectos de inclusi\u00f3n e investigaci\u00f3n a trav\u00e9s de su fundaci\u00f3n: \u00abestaba muy contento y agradecido y quedamos en seguir trabajando juntos en este tema porque hay un campo de necesidades muy importante\u201d.<\/p>\n<p>En referencia al anuncio del proyecto centrado en Rivas, resalt\u00f3: \u201ccon Jorge siempre compartimos un pensamiento nacional y popular y todo lo que expres\u00f3 hoy tiene que ver con los objetivos de este ministerio y por algo, cada vez que pueden, lo cierran. Hoy escuchaba unas declaraciones de Patricia Bullrich respecto de las universidades con informaci\u00f3n falsa y augur\u00e1ndonos un futuro de ajuste como ya lo padecimos en los gobiernos que integr\u00f3. Pas\u00f3 lo mismo con los ministerios de Salud, Trabajo y Cultura y eso da la pauta de que lo que recortan es todo aquello que puede ayudar a democratizar porque no les interesa una sociedad donde todos tengan voz\u201d.<\/p>\n<p>Y acot\u00f3: \u201cLa lengua y la voz son instrumentos de dominaci\u00f3n. Lo primero que hace un pueblo cuando domina a otro es destruir su lengua. Lo vimos con nuestros pueblos originarios. Un proyecto como este es ejemplo de la mirada que tenemos como ministerio y da cuenta de uno de los principales desaf\u00edos de la ciencia que es el de resolver problemas aplicados, concretos, con articulaci\u00f3n e interdisciplinariedad. El gran objetivo de nuestra \u00e9poca es ver c\u00f3mo hacemos para regular y poner al servicio de las grandes mayor\u00edas el desarrollo cient\u00edfico-tecnol\u00f3gico\u201d.<\/p>\n<p>\u00abSe present\u00f3 este desaf\u00edo el a\u00f1o pasado, en diciembre se aprob\u00f3 el proyecto con el financiamiento para que lo lleve adelante la UTN Regional La Plata junto con otras universidades, y as\u00ed desarrollar el software para que Jorge tenga la voz\u00bb, manifiesta a Tiempo Mar\u00eda Jos\u00e9 Burgos, directora de Estrategias Inclusivas de la Direcci\u00f3n Nacional de Estrategias Inclusivas, Accesibles y Desarrollo Sostenible del Transporte.<\/p>\n<p>\u00abEstamos a cuatro meses del proyecto y lo que se est\u00e1 presentando es la primera voz sintetizada argentina. En ocho meses va a estar completado el software. El hito que se presenta hoy es un dataset con la primera voz sintetizada argentina a la que se le va a ir incorporando los registros de audio que existen de Jorge previo al asalto. En el momento en que est\u00e9 terminado, Jorge va a poder hablar con su propia voz\u00bb, acota.<\/p>\n<p>La presentaci\u00f3n de este lunes se titul\u00f3 \u00abAvances de Proyecto Mi Identidad Vocal\u00ab, en el marco del programa ImpaCT.ar Ciencia y Tecnolog\u00eda, en el Centro Cultural de las Ciencias.<\/p>\n<p>Durante la jornada exhibieron tres voces de hombres argentinos \u00abque no son ning\u00fan hombre en especial, lo desarrollaron a trav\u00e9s de inteligencia artificial y conformaron este dataset\u00bb, a\u00f1ade Burgos. Le agregar\u00e1n 17 horas de audio de Jorge en distintos momentos de su vida, \u00abporque tiene que mostrar las distintas aristas de su voz, as\u00ed se va a hacer aplicar a esta voz sintetizada argentina la impronta de la voz de Jorge\u00bb. Un sistema similar al que, por ejemplo, aplican para crear canciones con Inteligencia Artificial, como las versiones de temas del Charly Garc\u00eda de los \u00faltimos a\u00f1os con la voz del Charly de los \u201980.<\/p>\n<p>&nbsp;<\/p>\n<p><strong>Las caracter\u00edsticas del proyecto<\/strong><\/p>\n<p>La iniciativa est\u00e1 dirigida a la poblaci\u00f3n que sufre diferentes patolog\u00edas que tienen como resultado la p\u00e9rdida de la voz como Traumatismo Cr\u00e1neo Encef\u00e1lico (TEC), Esclerosis Lateral Amiotr\u00f3fica (ELA), Accidentes Cerebro Vasculares (ACV), tumores lar\u00edngeos, Parkinson, Esclerosis M\u00faltiple y otras patolog\u00edas que afectan el aparato orofonador. \u00abGran parte de las personas que sufren la p\u00e9rdida de su voz no acceden a ning\u00fan desarrollo tecnol\u00f3gico para satisfacer esa necesidad\u00bb, explicaron desde el Ministerio de Ciencia.<\/p>\n<p>El desarrollo de este software permitir\u00e1, a esta poblaci\u00f3n, expresarse a partir de una voz sint\u00e9tica, \u00abpero con la particularidad de que la innovaci\u00f3n tecnol\u00f3gica aplicada facilitar\u00e1 la comunicaci\u00f3n con su voz natural\u00bb.El insumo principal para este desarrollo es el registro de la voz natural del beneficiario directo.<\/p>\n<p>En la actualidad, los software existentes en el pa\u00eds trabajan con una voz sint\u00e9tica que no representa la identidad vocal de quien la utiliza. \u00abEs de gran importancia para quien est\u00e9 perdiendo o haya perdido su capacidad del habla, poder hacerlo nuevamente con el mismo timbre y caracter\u00edsticas de su particular forma de hablar, generando as\u00ed, un fuerte impacto psicosocial en las personas que lo utilicen, de sus familias, grupos vinculantes y de la sociedad en general\u00bb, agregaron.<\/p>\n<p>&nbsp;<\/p>\n<p><strong>El asalto y la recuperaci\u00f3n de Rivas<\/strong><\/p>\n<p>Mientras Rivas se desempe\u00f1aba como vicejefe de Gabinete de la Naci\u00f3n del gobierno de N\u00e9stor Kirchner cuando sufri\u00f3 un asalto en la calle. Era noviembre de 2007. El golpe en la cabeza lo dej\u00f3 cuadripl\u00e9jico y privado del habla. Fueron lesiones en gran parte de su movilidad, pero no cognitivas.<\/p>\n<p>Pas\u00f3 un a\u00f1o y medio de rehabilitaci\u00f3n, y a partir de mayo de 2009 Rivas empez\u00f3 a comunicarse mediante una computadora con un software que sigue su vista y hace clic con el \u00edndice derecho para leer lo que escribe, con una voz sintetizada, gracias la programaci\u00f3n de su compa\u00f1ero socialista y amigo Eduardo Lazzati, temprano especialista argentino en Inteligencia Artificial.<\/p>\n<p>Lazzati, fallecido en 2016, dispuso que ese software (hadasoft) en forma gratuita a disposici\u00f3n de todo el mundo en www.PrensaJorgeRivas.blogspot.com. El actual proyecto que presentan este lunes har\u00e1 que esa voz ya no sea \u00abrob\u00f3tica\u00bb sino que el software reproduzca la voz \u00aboriginal\u00bb de Rivas, conocida adem\u00e1s por todos los cronistas parlamentarios, quienes lo destacaban como \u00abuno de los mejores oradores de la C\u00e1mara\u00bb.<\/p>\n","protected":false},"excerpt":{"rendered":"<p>El ex diputado nacional fue v\u00edctima de un violento robo que lo dej\u00f3 cuadripl\u00e9jico y privado del habla hace m\u00e1s de 15 a\u00f1os. Gracias a un sistema inform\u00e1tico de la IA podr\u00e1 &#8220;recuperar el derecho a la voz&#8221;, como \u00e9l mismo lo defini\u00f3. Le incorporar\u00e1n 17 horas de audio suyos en diferentes momentos de su vida que muestran &#8220;las distintas aristas de su voz&#8221; &nbsp; &nbsp; &nbsp; La Inteligencia Artificial puede generar efectos cr\u00edticos, pero tambi\u00e9n soluciones impensadas hasta hoy. Lo puede atestiguar Jorge Rivas, diputado nacional en cuatro ocasiones&#8230;<\/p>\n","protected":false},"author":3,"featured_media":102984,"comment_status":"closed","ping_status":"closed","sticky":false,"template":"","format":"standard","meta":[],"categories":[4],"tags":[],"_links":{"self":[{"href":"https:\/\/www.actualidadadiario.com\/index.php\/wp-json\/wp\/v2\/posts\/102983"}],"collection":[{"href":"https:\/\/www.actualidadadiario.com\/index.php\/wp-json\/wp\/v2\/posts"}],"about":[{"href":"https:\/\/www.actualidadadiario.com\/index.php\/wp-json\/wp\/v2\/types\/post"}],"author":[{"embeddable":true,"href":"https:\/\/www.actualidadadiario.com\/index.php\/wp-json\/wp\/v2\/users\/3"}],"replies":[{"embeddable":true,"href":"https:\/\/www.actualidadadiario.com\/index.php\/wp-json\/wp\/v2\/comments?post=102983"}],"version-history":[{"count":1,"href":"https:\/\/www.actualidadadiario.com\/index.php\/wp-json\/wp\/v2\/posts\/102983\/revisions"}],"predecessor-version":[{"id":102985,"href":"https:\/\/www.actualidadadiario.com\/index.php\/wp-json\/wp\/v2\/posts\/102983\/revisions\/102985"}],"wp:featuredmedia":[{"embeddable":true,"href":"https:\/\/www.actualidadadiario.com\/index.php\/wp-json\/wp\/v2\/media\/102984"}],"wp:attachment":[{"href":"https:\/\/www.actualidadadiario.com\/index.php\/wp-json\/wp\/v2\/media?parent=102983"}],"wp:term":[{"taxonomy":"category","embeddable":true,"href":"https:\/\/www.actualidadadiario.com\/index.php\/wp-json\/wp\/v2\/categories?post=102983"},{"taxonomy":"post_tag","embeddable":true,"href":"https:\/\/www.actualidadadiario.com\/index.php\/wp-json\/wp\/v2\/tags?post=102983"}],"curies":[{"name":"wp","href":"https:\/\/api.w.org\/{rel}","templated":true}]}}