{"id":102976,"date":"2023-06-12T16:06:49","date_gmt":"2023-06-12T19:06:49","guid":{"rendered":"https:\/\/www.actualidadadiario.com\/?p=102976"},"modified":"2023-06-12T16:06:49","modified_gmt":"2023-06-12T19:06:49","slug":"dani-alves-seguira-en-prision-preventiva-tras-un-nuevo-rechazo-de-la-audiencia","status":"publish","type":"post","link":"https:\/\/www.actualidadadiario.com\/index.php\/2023\/06\/12\/dani-alves-seguira-en-prision-preventiva-tras-un-nuevo-rechazo-de-la-audiencia\/","title":{"rendered":"Dani Alves seguir\u00e1 en prisi\u00f3n preventiva tras un nuevo rechazo de la Audiencia"},"content":{"rendered":"<p style=\"text-align: center;\"><em><strong>El futbolista brasile\u00f1o permanecer\u00e1 en la c\u00e1rcel hasta el d\u00eda del juicio en el que se lo acusa de agredir sexualmente a una joven de 23 a\u00f1os en la noche del 30 al 31 de diciembre en la discoteca catalana Sutton<\/strong><\/em><\/p>\n<p>&nbsp;<\/p>\n<p>&nbsp;<\/p>\n<p>La situaci\u00f3n de Dani Alves contin\u00faa agrav\u00e1ndose tras haber ingresado al centro penitenciario de Barcelona el pasado 20 de enero.<\/p>\n<p>La condena por agresi\u00f3n sexual a una joven de 23 a\u00f1os en la noche del 30 al 31 de diciembre en la discoteca catalana Sutton, contin\u00faa firme y la Secci\u00f3n 3 de la Audiencia de Barcelona acaba de confirmar que el exlateral de la Selecci\u00f3n de Brasil seguir\u00e1 en prisi\u00f3n preventiva.<\/p>\n<p>Tal como confirman las fuentes, la Audiencia rechaz\u00f3 el recurso presentado por la defensa de Alves.<\/p>\n<p>&nbsp;<\/p>\n<p><strong>Dani Alves seguir\u00e1 en prisi\u00f3n<\/strong><\/p>\n<p>Ya es la segunda vez que el Tribunal rechaza el recurso del futbolista brasile\u00f1o y vuelve a declinar la petici\u00f3n del jugador de quedar en libertad provisional hasta el juicio.<\/p>\n<p>Vale recordar que Alves manifest\u00f3 la necesidad de salir de prisi\u00f3n, ya que pretende vivir con sus hijos en la Ciudad Condal. Esa intenci\u00f3n, la acusaci\u00f3n la calific\u00f3 como \u201cun proyecto de vida ficticio\u201d.<\/p>\n<p>Asimismo, se supo que Dani Alves pidi\u00f3 el empadronamiento en Barcelona de sus dos hijos, de 15 y 17 a\u00f1os, as\u00ed como el de su exmujer, Joana Sanz, para solicitar de nuevo la libertad del exjugador.<\/p>\n<p>Desde su entorno familiar, puntualmente sus hijos, desearon poder mudarse a Barcelona para estudiar, por lo que ya fueron inscriptos en un colegio privado.<\/p>\n<p>En su \u00faltima declaraci\u00f3n, Dani Alves asegur\u00f3 ante la justicia que la relaci\u00f3n con la joven que lo denunci\u00f3 por violaci\u00f3n fue &#8220;consentida por ambas partes&#8221;.<\/p>\n","protected":false},"excerpt":{"rendered":"<p>El futbolista brasile\u00f1o permanecer\u00e1 en la c\u00e1rcel hasta el d\u00eda del juicio en el que se lo acusa de agredir sexualmente a una joven de 23 a\u00f1os en la noche del 30 al 31 de diciembre en la discoteca catalana Sutton &nbsp; &nbsp; La situaci\u00f3n de Dani Alves contin\u00faa agrav\u00e1ndose tras haber ingresado al centro penitenciario de Barcelona el pasado 20 de enero. La condena por agresi\u00f3n sexual a una joven de 23 a\u00f1os en la noche del 30 al 31 de diciembre en la discoteca catalana Sutton, contin\u00faa firme&#8230;<\/p>\n","protected":false},"author":3,"featured_media":102978,"comment_status":"closed","ping_status":"closed","sticky":false,"template":"","format":"standard","meta":[],"categories":[4],"tags":[],"_links":{"self":[{"href":"https:\/\/www.actualidadadiario.com\/index.php\/wp-json\/wp\/v2\/posts\/102976"}],"collection":[{"href":"https:\/\/www.actualidadadiario.com\/index.php\/wp-json\/wp\/v2\/posts"}],"about":[{"href":"https:\/\/www.actualidadadiario.com\/index.php\/wp-json\/wp\/v2\/types\/post"}],"author":[{"embeddable":true,"href":"https:\/\/www.actualidadadiario.com\/index.php\/wp-json\/wp\/v2\/users\/3"}],"replies":[{"embeddable":true,"href":"https:\/\/www.actualidadadiario.com\/index.php\/wp-json\/wp\/v2\/comments?post=102976"}],"version-history":[{"count":1,"href":"https:\/\/www.actualidadadiario.com\/index.php\/wp-json\/wp\/v2\/posts\/102976\/revisions"}],"predecessor-version":[{"id":102979,"href":"https:\/\/www.actualidadadiario.com\/index.php\/wp-json\/wp\/v2\/posts\/102976\/revisions\/102979"}],"wp:featuredmedia":[{"embeddable":true,"href":"https:\/\/www.actualidadadiario.com\/index.php\/wp-json\/wp\/v2\/media\/102978"}],"wp:attachment":[{"href":"https:\/\/www.actualidadadiario.com\/index.php\/wp-json\/wp\/v2\/media?parent=102976"}],"wp:term":[{"taxonomy":"category","embeddable":true,"href":"https:\/\/www.actualidadadiario.com\/index.php\/wp-json\/wp\/v2\/categories?post=102976"},{"taxonomy":"post_tag","embeddable":true,"href":"https:\/\/www.actualidadadiario.com\/index.php\/wp-json\/wp\/v2\/tags?post=102976"}],"curies":[{"name":"wp","href":"https:\/\/api.w.org\/{rel}","templated":true}]}}