{"id":102961,"date":"2023-06-12T15:27:36","date_gmt":"2023-06-12T18:27:36","guid":{"rendered":"https:\/\/www.actualidadadiario.com\/?p=102961"},"modified":"2023-06-12T15:27:36","modified_gmt":"2023-06-12T18:27:36","slug":"rossi-vuelve-a-presentarse-en-diputados-para-informar-sobre-la-gestion","status":"publish","type":"post","link":"https:\/\/www.actualidadadiario.com\/index.php\/2023\/06\/12\/rossi-vuelve-a-presentarse-en-diputados-para-informar-sobre-la-gestion\/","title":{"rendered":"Rossi vuelve a presentarse en Diputados para informar sobre la gesti\u00f3n"},"content":{"rendered":"<p style=\"text-align: center;\"><em><strong>La visita del jefe de Gabinete est\u00e1 pautada a las 12 hs. Ocurre con el calendario electoral en marcha, y con \u00e9l mismo lanzado como precandidato presidencial<\/strong><\/em><\/p>\n<p>&nbsp;<\/p>\n<p>&nbsp;<\/p>\n<p>Ya lanzado como precandidato presidencial del Frente de Todos y en la b\u00fasqueda de adhesiones para su postulaci\u00f3n, el jefe de Gabinete, Agust\u00edn Rossi volver\u00e1 a hacer pie en la C\u00e1mara de Diputados, un territorio que le es familiar y conoce a fondo por sus pergaminos como legislador, con la tarea de informar sobre la marcha de la gesti\u00f3n del Gobierno nacional.<\/p>\n<p>La visita est\u00e1 pautada a las 12 hs, cuando tome asiento en el estrado principal del recinto y comience a desplegar su exposici\u00f3n, antes de pasar a la etapa de contestar las preguntas de los bloques.<\/p>\n<p>El discurso de Rossi har\u00e1 eje central en los indicadores positivos de la econom\u00eda, tanto en materia de crecimiento y super\u00e1vit como en la tasa de desempleo, que registra uno de los niveles m\u00e1s bajos de la \u00faltima d\u00e9cada.<\/p>\n<p>Sin embargo, deber\u00e1 dar explicaciones sobre el acelerado nivel de inflaci\u00f3n, que seg\u00fan los operadores del mercado se acercar\u00e1 al 150% en 2024.<\/p>\n<p>Con todo, Rossi busca dar una se\u00f1al esperanzadora de cara al a\u00f1o que viene, cuando ya habr\u00e1n finalizado los efectos negativos de la sequ\u00eda, y con la expectativa de tener una situaci\u00f3n de mayor alivio en el frente financiero externo.<\/p>\n<p>Como precandidato presidencial, el santafesino apunta a generar una impronta de mayor esperanza en el futuro pr\u00f3ximo, diferenci\u00e1ndose de algunos de sus competidores del Frente de Todos, que tienen una mirada m\u00e1s cr\u00edtica y esc\u00e9ptica sobre el devenir econ\u00f3mico, situ\u00e1ndose como si estuvieran por fuera del oficialismo y del Gobierno.<\/p>\n<p>Asumido en el cargo el 15 de febrero, el ministro coordinador ya estuvo en la C\u00e1mara baja el 29 de marzo, y el 11 de mayo hizo lo propio en el Senado.<\/p>\n<p>Esta ser\u00e1 su tercera presentaci\u00f3n en el Congreso nacional desde que es jefe de Gabinete, aunque en un contexto diferente que lo encuentra como precandidato presidencial y con el calendario electoral en marcha, con provincias que votaron hace poco y otras que est\u00e1n en plena cuenta regresiva.<\/p>\n<p>Luego de los comicios de este fin de semana en San Luis, Corrientes, Tucum\u00e1n y Mendoza, el domingo pr\u00f3ximo Chaco ir\u00e1 a las urnas para celebrar las PASO y junio cerrar\u00e1 su cronograma electoral el 25 en Formosa y C\u00f3rdoba.<\/p>\n<p>Se especulaba con la posibilidad de que este mi\u00e9rcoles, un d\u00eda despu\u00e9s de la intervenci\u00f3n de Rossi, se realizara una sesi\u00f3n para votar proyectos de ley, pero esa alternativa nunca pudo tomar cuerpo y se cay\u00f3 s\u00fabitamente.<\/p>\n<p>Para ello incidi\u00f3 especialmente el hecho de que el mismo mi\u00e9rcoles a la medianoche vence en plazo para la inscripci\u00f3n de alianzas a nivel nacional y en algunas provincias como la de Buenos Aires, por lo que l\u00f3gicamente la atenci\u00f3n de los diputados nacionales iba a estar puesta en esas definiciones.<\/p>\n<p>Para colmo, tampoco est\u00e1 previsto que la semana siguiente pueda convocarse a una sesi\u00f3n en Diputados por el fin de semana XL que reducir\u00e1 el margen para movilizar legisladores y reunir qu\u00f3rum.<\/p>\n<p>Con este panorama, reci\u00e9n habr\u00e1n condiciones pol\u00edticas para reunir al pleno en el recinto en la \u00faltima semana de junio, ya pasada la fecha decisiva del 24 de junio cuando se oficializar\u00e1n las listas de candidaturas nacionales, tanto a presidente y vice, como diputados y senadores nacionales por cada una de las provincias.<\/p>\n","protected":false},"excerpt":{"rendered":"<p>La visita del jefe de Gabinete est\u00e1 pautada a las 12 hs. Ocurre con el calendario electoral en marcha, y con \u00e9l mismo lanzado como precandidato presidencial &nbsp; &nbsp; Ya lanzado como precandidato presidencial del Frente de Todos y en la b\u00fasqueda de adhesiones para su postulaci\u00f3n, el jefe de Gabinete, Agust\u00edn Rossi volver\u00e1 a hacer pie en la C\u00e1mara de Diputados, un territorio que le es familiar y conoce a fondo por sus pergaminos como legislador, con la tarea de informar sobre la marcha de la gesti\u00f3n del Gobierno&#8230;<\/p>\n","protected":false},"author":3,"featured_media":102962,"comment_status":"closed","ping_status":"closed","sticky":false,"template":"","format":"standard","meta":[],"categories":[18],"tags":[],"_links":{"self":[{"href":"https:\/\/www.actualidadadiario.com\/index.php\/wp-json\/wp\/v2\/posts\/102961"}],"collection":[{"href":"https:\/\/www.actualidadadiario.com\/index.php\/wp-json\/wp\/v2\/posts"}],"about":[{"href":"https:\/\/www.actualidadadiario.com\/index.php\/wp-json\/wp\/v2\/types\/post"}],"author":[{"embeddable":true,"href":"https:\/\/www.actualidadadiario.com\/index.php\/wp-json\/wp\/v2\/users\/3"}],"replies":[{"embeddable":true,"href":"https:\/\/www.actualidadadiario.com\/index.php\/wp-json\/wp\/v2\/comments?post=102961"}],"version-history":[{"count":1,"href":"https:\/\/www.actualidadadiario.com\/index.php\/wp-json\/wp\/v2\/posts\/102961\/revisions"}],"predecessor-version":[{"id":102963,"href":"https:\/\/www.actualidadadiario.com\/index.php\/wp-json\/wp\/v2\/posts\/102961\/revisions\/102963"}],"wp:featuredmedia":[{"embeddable":true,"href":"https:\/\/www.actualidadadiario.com\/index.php\/wp-json\/wp\/v2\/media\/102962"}],"wp:attachment":[{"href":"https:\/\/www.actualidadadiario.com\/index.php\/wp-json\/wp\/v2\/media?parent=102961"}],"wp:term":[{"taxonomy":"category","embeddable":true,"href":"https:\/\/www.actualidadadiario.com\/index.php\/wp-json\/wp\/v2\/categories?post=102961"},{"taxonomy":"post_tag","embeddable":true,"href":"https:\/\/www.actualidadadiario.com\/index.php\/wp-json\/wp\/v2\/tags?post=102961"}],"curies":[{"name":"wp","href":"https:\/\/api.w.org\/{rel}","templated":true}]}}