{"id":102958,"date":"2023-06-12T15:26:49","date_gmt":"2023-06-12T18:26:49","guid":{"rendered":"https:\/\/www.actualidadadiario.com\/?p=102958"},"modified":"2023-06-12T15:26:49","modified_gmt":"2023-06-12T18:26:49","slug":"piden-indagar-a-rossana-caputo-por-la-contratacion-de-jonathan-morel-lider-de-revolucion-federal","status":"publish","type":"post","link":"https:\/\/www.actualidadadiario.com\/index.php\/2023\/06\/12\/piden-indagar-a-rossana-caputo-por-la-contratacion-de-jonathan-morel-lider-de-revolucion-federal\/","title":{"rendered":"Piden indagar a Rossana Caputo por la contrataci\u00f3n de Jonathan Morel, l\u00edder de Revoluci\u00f3n Federal"},"content":{"rendered":"<p style=\"text-align: center;\"><em><strong>La integrante del clan Caputo Hermanos integra la peculiar cadena de relaciones entre la empresa familiar y la agrupaci\u00f3n de ultraderecha. Las coincidencias temporales entre actividad pol\u00edtica y transferencias monetarias. La jubilada que factur\u00f3 m\u00e1s de tres millones de pesos pero solo recibi\u00f3 el 10%<\/strong><\/em><\/p>\n<p>&nbsp;<\/p>\n<p>&nbsp;<\/p>\n<p>La querella que representa a la vicepresidenta, Cristina Fern\u00e1ndez de Kirchner, en las causas por el intento de magnicidio en su contra pidi\u00f3 la indagatoria de Rossana Caputo, la mujer que contrat\u00f3 al l\u00edder de la agrupaci\u00f3n de ultraderecha Revoluci\u00f3n Federal, Jonathan Morel, para la fabricaci\u00f3n de muebles que \u201cpueden haber sido la pantalla para financiar la violencia pol\u00edtica\u201d.<\/p>\n<p>Los abogados Jos\u00e9 Ubeira y Marcos Aldaz\u00e1bal presentaron el viernes \u00faltimo el pedido al juez Marcelo Mart\u00ednez de Giorgi, en el marco de la investigaci\u00f3n sobre Revoluci\u00f3n Federal que ins\u00f3litamente discurre por separado del expediente por el intento de magnicidio. \u201cEs necesario convocar a Rosana Caputo a prestar declaraci\u00f3n indagatoria\u201d.<\/p>\n<p>&nbsp;<\/p>\n<p><strong>Feliz coincidencia<\/strong><\/p>\n<p>El escrito describe una serie de episodios concatenados y situados en una l\u00ednea de tiempo que confluyen en el atentado contra la vicepresidenta y los argumentos preparados de antemano para explicar la curiosa relaci\u00f3n de Caputo Hermanos con Morel y desvincular a \u00e9ste del intento de magnicidio.<\/p>\n<p>\u201cHay tres posibilidades respecto de la contrataci\u00f3n de Morel. Una es que no haya hecho los muebles, o parte de los muebles, y que todas las transferencias hayan tenido por objeto, simplemente, financiar a Revoluci\u00f3n Federal. Otra es que el Grupo Caputo le haya sobrepagado los trabajos, para darle dinero para financiar a Revoluci\u00f3n Federal. Otra es que los trabajos se hayan hecho, y que contratar a Morel haya sido una forma de ayudarlo a tener un sustento mientras organizaba Revoluci\u00f3n Federal. Los muebles pueden haber sido la pantalla para entregarle dinero a Morel y, as\u00ed, financiar la violencia pol\u00edtica\u201d.<\/p>\n<p>El escrito, de unas 25 p\u00e1ginas, subraya que \u201cla contrataci\u00f3n de Jonathan Morel para la realizaci\u00f3n de la muebler\u00eda de Neuqu\u00e9n se dio en los meses en los que Revoluci\u00f3n Federal comenz\u00f3 a actuar p\u00fablicamente y a practicar e incitar la violencia contra miembros del Frente de Todos\u201d. Y precisa que\u00a0 \u201cel gran caudal de dinero por parte de Caputo Hermanos hacia la carpinter\u00eda comenz\u00f3 a ingresar en el mes de mayo\u201d. Un informe de la procuradur\u00eda contra el lavado de activos (PROCELAC) muestra que varios de los pagos de Caputo Hermanos a Morel \u201ccoinciden con diferentes actos violentos de Revoluci\u00f3n Federal\u201d.<\/p>\n<p>\u201cMayo tambi\u00e9n fue el mes en el que Morel y Leonardo Sosa fundaron Revoluci\u00f3n Federal: el 25 de mayo la agrupaci\u00f3n tuvo su primera aparici\u00f3n p\u00fablica. (\u2026) Morel y sus socios recibieron varios millones el d\u00eda antes. S\u00f3lo el 24 de mayo de 2022 se facturaron al fideicomiso Espacio A\u00f1elo, del Grupo Caputo, m\u00e1s de 2,4 millones de pesos\u201d.<\/p>\n<p>&nbsp;<\/p>\n<p><strong>Explicaciones que nadie pidi\u00f3<\/strong><\/p>\n<p>Los abogados de Cristina Kirchner resaltaron que entre los documentos hallados en los dispositivos electr\u00f3nicos de Morel aparece uno que contiene una suerte de argumentaci\u00f3n sobre su relaci\u00f3n comercial, desde su peque\u00f1a carpinter\u00eda creada a partir de un tutorial de YouTube, con una poderosa empresa del rubro de la construcci\u00f3n como Caputo Hermanos.<\/p>\n<p>\u201cM\u00e1s all\u00e1 de su potencial prolijidad, es muy extra\u00f1a la presencia de un documento en que relata c\u00f3mo \u2018el investigado consigui\u00f3 realizar el trabajo para el fideicomiso Espacio A\u00f1elo\u2019. \u00bfPor qu\u00e9 Morel tendr\u00eda preparada una explicaci\u00f3n relativa al motivo para realizar un trabajo? Es bastante evidente que Morel sab\u00eda que su labor era injustificable\u201d.<\/p>\n<p>Algo similar ocurri\u00f3 con Rossana Caputo. \u201cEs inaudito que tenga fotos de Morel en Santa Clara al Sur (el country para el que habr\u00eda realizado los primeros muebles en su ignota carpinter\u00eda): tal como la explicaci\u00f3n de Morel de c\u00f3mo consigui\u00f3 el trabajo que hay entre sus archivos, estas fotos parecen dar cuenta de que Caputo sab\u00eda que, eventualmente, tendr\u00eda que dar explicaciones. Es que nadie le saca fotos a quien va a poner muebles a su casa. Como mucho, se le sacan fotos a los muebles instalados)\u201d.<\/p>\n<p>&nbsp;<\/p>\n<p><strong>El carpintero que s\u00ed sab\u00eda de madera y la jubilada millonaria<\/strong><\/p>\n<p>Otra situaci\u00f3n sobre la que puso la lupa la querella de la vicepresidenta se relaciona con Francisco Javier Aris, un carpintero real que aparece registrado en el rubro \u201cinstalaciones de carpinter\u00eda, herrer\u00eda de obra y art\u00edstica (incluye instalaci\u00f3n de puertas y ventanas, carpinter\u00eda met\u00e1lica y no met\u00e1lica).<\/p>\n<p>\u201cNos parece especialmente perturbadora la declaraci\u00f3n de Aris, quien dijo que Morel lo contactaba por trabajos para Espacio A\u00f1elo pero que, desde el 30 de agosto de 2022, no le habl\u00f3 m\u00e1s. Esto, aun cuando Morel lo hab\u00eda contactado por otro trabajo. Esto es un indicio muy fuerte de que toda la estructura de pagos y contrataciones ten\u00eda que ver con Revoluci\u00f3n Federal. Empez\u00f3 cuando surgi\u00f3 Revoluci\u00f3n Federal, y se esfum\u00f3 cuando se desarm\u00f3 la organizaci\u00f3n, tras el atentado fallido a la Vicepresidenta\u201d.<\/p>\n<p>En ese mismo contexto, el escrito subraya el rol de Mar\u00eda Isabel Said, \u201cquien no ten\u00eda ning\u00fan antecedente en carpinter\u00eda y cuyo domicilio, como indic\u00f3 la Polic\u00eda de Seguridad Aeroportuaria, no tiene caracter\u00edsticas propias a la de un local comercial y, adem\u00e1s, no posee carteler\u00eda a la vista. (\u2026) Es descabellado pensar que el Grupo Caputo S.A. acord\u00f3, sin problema, pagarle $3.450.393 a una persona sin antecedentes en muebler\u00eda, que estar\u00eda jubilada, y que no tiene siquiera un local comercial\u201d.<\/p>\n<p>Hay m\u00e1s. \u201cSaid factur\u00f3 en julio por 3,5 millones de pesos, pero solo recibi\u00f3 acreditaciones bancarias en agosto por 350 mil pesos: es decir, diez veces menos de lo facturado\u201d o, dicho de otra manera, un diez por ciento. \u00bfUna comisi\u00f3n?, \u00bfuna gratificaci\u00f3n por un servicio de pantalla?<\/p>\n<p>\u201cLo que se desprende es que m\u00e1s de tres millones de pesos fueron pagados en efectivo. Que el dinero haya sido dado en efectivo hace mucho m\u00e1s dif\u00edcil rastrearlo. Adem\u00e1s, si Morel era el intermediario, lo m\u00e1s probable es que el dinero se lo hayan dado a \u00e9l. Tener dinero no bancarizado permite realizar compras sin que quede registro. Es sumamente extra\u00f1o que una empresa de la magnitud del Grupo Caputo se maneje con dinero no bancarizado\u201d.<\/p>\n","protected":false},"excerpt":{"rendered":"<p>La integrante del clan Caputo Hermanos integra la peculiar cadena de relaciones entre la empresa familiar y la agrupaci\u00f3n de ultraderecha. Las coincidencias temporales entre actividad pol\u00edtica y transferencias monetarias. La jubilada que factur\u00f3 m\u00e1s de tres millones de pesos pero solo recibi\u00f3 el 10% &nbsp; &nbsp; La querella que representa a la vicepresidenta, Cristina Fern\u00e1ndez de Kirchner, en las causas por el intento de magnicidio en su contra pidi\u00f3 la indagatoria de Rossana Caputo, la mujer que contrat\u00f3 al l\u00edder de la agrupaci\u00f3n de ultraderecha Revoluci\u00f3n Federal, Jonathan Morel,&#8230;<\/p>\n","protected":false},"author":3,"featured_media":102959,"comment_status":"closed","ping_status":"closed","sticky":false,"template":"","format":"standard","meta":[],"categories":[18],"tags":[],"_links":{"self":[{"href":"https:\/\/www.actualidadadiario.com\/index.php\/wp-json\/wp\/v2\/posts\/102958"}],"collection":[{"href":"https:\/\/www.actualidadadiario.com\/index.php\/wp-json\/wp\/v2\/posts"}],"about":[{"href":"https:\/\/www.actualidadadiario.com\/index.php\/wp-json\/wp\/v2\/types\/post"}],"author":[{"embeddable":true,"href":"https:\/\/www.actualidadadiario.com\/index.php\/wp-json\/wp\/v2\/users\/3"}],"replies":[{"embeddable":true,"href":"https:\/\/www.actualidadadiario.com\/index.php\/wp-json\/wp\/v2\/comments?post=102958"}],"version-history":[{"count":1,"href":"https:\/\/www.actualidadadiario.com\/index.php\/wp-json\/wp\/v2\/posts\/102958\/revisions"}],"predecessor-version":[{"id":102960,"href":"https:\/\/www.actualidadadiario.com\/index.php\/wp-json\/wp\/v2\/posts\/102958\/revisions\/102960"}],"wp:featuredmedia":[{"embeddable":true,"href":"https:\/\/www.actualidadadiario.com\/index.php\/wp-json\/wp\/v2\/media\/102959"}],"wp:attachment":[{"href":"https:\/\/www.actualidadadiario.com\/index.php\/wp-json\/wp\/v2\/media?parent=102958"}],"wp:term":[{"taxonomy":"category","embeddable":true,"href":"https:\/\/www.actualidadadiario.com\/index.php\/wp-json\/wp\/v2\/categories?post=102958"},{"taxonomy":"post_tag","embeddable":true,"href":"https:\/\/www.actualidadadiario.com\/index.php\/wp-json\/wp\/v2\/tags?post=102958"}],"curies":[{"name":"wp","href":"https:\/\/api.w.org\/{rel}","templated":true}]}}