{"id":101,"date":"2016-08-10T13:25:31","date_gmt":"2016-08-10T16:25:31","guid":{"rendered":"http:\/\/actualidadadiario.com\/site\/?p=101"},"modified":"2016-08-22T10:18:37","modified_gmt":"2016-08-22T13:18:37","slug":"un-fuerte-temporal-azoto-federacion-y-otras-ciudades-entrerrianas","status":"publish","type":"post","link":"https:\/\/www.actualidadadiario.com\/index.php\/2016\/08\/10\/un-fuerte-temporal-azoto-federacion-y-otras-ciudades-entrerrianas\/","title":{"rendered":"Un fuerte temporal azot\u00f3 Federaci\u00f3n y otras ciudades entrerrianas"},"content":{"rendered":"<p>Se registr\u00f3 ca\u00edda de granizo de gran tama\u00f1o. Se registraron voladuras de techos y cayeron varios \u00e1rboles. En San Jaime tambi\u00e9n hubo una intensa pedrada. Otras localidades reportaron inconvenientes<\/p>\n<p>La tormenta anunciada para Entre R\u00edos caus\u00f3 serios destrozos en Federaci\u00f3n. En la noche de este martes, un fuerte temporal azot\u00f3 la localidad entrerriana donde se registr\u00f3 ca\u00edda de granizo de gran tama\u00f1o. Desde la Polic\u00eda informaron que hubo voladuras de techos y cayeron varios \u00e1rboles en algunos puntos de esa ciudad.<\/p>\n<p>En San Jaime tambi\u00e9n hubo una intensa pedrada. Otras localidades reportaron inconvenientes con el fen\u00f3meno pero sin personas heridas.<\/p>\n<p>En horas de la noche, y por cerca de 10 minutos, Federaci\u00f3n fue azotada por un vendaval y piedras del tama\u00f1o de huevos de gallina.<\/p>\n<p>Una familia, con cuatro menores de edad, sufri\u00f3 la rotura de su techo de una vivienda precaria. Por otro lado, varias casas quedaron anegadas, se\u00f1alaron fuentes policiales.<\/p>\n<p>Adem\u00e1s, la intensidad de la lluvia y vientos, en Federaci\u00f3n tambi\u00e9n volte\u00f3 \u00e1rboles, postes de luz y cables que obstruyeron el tr\u00e1nsito en varias arterias. En primera instancia se contabilizaron 20 voladuras de techo, 15 roturas de techo, la mayor\u00eda de chapa cart\u00f3n.<\/p>\n<p>Seg\u00fan se inform\u00f3, no hay evacuados, pero 20 familias se autoevacuaron. El municipio asiste con frazadas, colchones y pl\u00e1sticos para techo.<\/p>\n<p>Se form\u00f3 el Centro Operaci\u00f3n Emergencia Municipal (COEN), cada instituci\u00f3n u organismo con su tarea asignada.<\/p>\n<p>Asimismo, se report\u00f3 granizo en otras localidades del departamento Federaci\u00f3n y tambi\u00e9n en sectores del departamento Col\u00f3n, como Villa Elisa.<\/p>\n<p>El parte policial de la Comisar\u00eda de San Ana da cuenta de que la tormenta provoc\u00f3 roturas de vidrios en esa dependencia, el corte del suministro de energ\u00eda el\u00e9ctrica en la localidad, ca\u00eddas de ramas y postes del tendido el\u00e9ctrico, con voladuras de techos en varias viviendas &#8220;no precarias&#8221; y tambi\u00e9n en un gimnasio.<\/p>\n","protected":false},"excerpt":{"rendered":"<p>Se registr\u00f3 ca\u00edda de granizo de gran tama\u00f1o. Se registraron voladuras de techos y cayeron varios \u00e1rboles. En San Jaime tambi\u00e9n hubo una intensa pedrada. Otras localidades reportaron inconvenientes La tormenta anunciada para Entre R\u00edos caus\u00f3 serios destrozos en Federaci\u00f3n. En la noche de este martes, un fuerte temporal azot\u00f3 la localidad entrerriana donde se registr\u00f3 ca\u00edda de granizo de gran tama\u00f1o. Desde la Polic\u00eda informaron que hubo voladuras de techos y cayeron varios \u00e1rboles en algunos puntos de esa ciudad. En San Jaime tambi\u00e9n hubo una intensa pedrada. Otras&#8230;<\/p>\n","protected":false},"author":2,"featured_media":102,"comment_status":"closed","ping_status":"open","sticky":false,"template":"","format":"standard","meta":[],"categories":[7,9],"tags":[14],"_links":{"self":[{"href":"https:\/\/www.actualidadadiario.com\/index.php\/wp-json\/wp\/v2\/posts\/101"}],"collection":[{"href":"https:\/\/www.actualidadadiario.com\/index.php\/wp-json\/wp\/v2\/posts"}],"about":[{"href":"https:\/\/www.actualidadadiario.com\/index.php\/wp-json\/wp\/v2\/types\/post"}],"author":[{"embeddable":true,"href":"https:\/\/www.actualidadadiario.com\/index.php\/wp-json\/wp\/v2\/users\/2"}],"replies":[{"embeddable":true,"href":"https:\/\/www.actualidadadiario.com\/index.php\/wp-json\/wp\/v2\/comments?post=101"}],"version-history":[{"count":1,"href":"https:\/\/www.actualidadadiario.com\/index.php\/wp-json\/wp\/v2\/posts\/101\/revisions"}],"predecessor-version":[{"id":103,"href":"https:\/\/www.actualidadadiario.com\/index.php\/wp-json\/wp\/v2\/posts\/101\/revisions\/103"}],"wp:featuredmedia":[{"embeddable":true,"href":"https:\/\/www.actualidadadiario.com\/index.php\/wp-json\/wp\/v2\/media\/102"}],"wp:attachment":[{"href":"https:\/\/www.actualidadadiario.com\/index.php\/wp-json\/wp\/v2\/media?parent=101"}],"wp:term":[{"taxonomy":"category","embeddable":true,"href":"https:\/\/www.actualidadadiario.com\/index.php\/wp-json\/wp\/v2\/categories?post=101"},{"taxonomy":"post_tag","embeddable":true,"href":"https:\/\/www.actualidadadiario.com\/index.php\/wp-json\/wp\/v2\/tags?post=101"}],"curies":[{"name":"wp","href":"https:\/\/api.w.org\/{rel}","templated":true}]}}